{"id":1845,"date":"2015-11-29T12:00:36","date_gmt":"2015-11-29T11:00:36","guid":{"rendered":"http:\/\/lesrebellesdenoel.ch\/chfr\/?p=1845"},"modified":"2015-11-29T12:00:36","modified_gmt":"2015-11-29T11:00:36","slug":"technique-de-bricolage-avec-des-serviettes-2","status":"publish","type":"post","link":"https:\/\/lesrebellesdenoel.ch\/chfr\/technique-de-bricolage-avec-des-serviettes-2\/","title":{"rendered":"Technique de bricolage avec des serviettes"},"content":{"rendered":"<p>Quelques techniques pour r\u00e9aliser des bricolages avec des serviettes.<\/p>\n","protected":false},"excerpt":{"rendered":"<p>Quelques techniques pour r\u00e9aliser des bricolages avec des serviettes.<\/p>\n","protected":false},"author":1,"featured_media":1846,"comment_status":"open","ping_status":"open","sticky":false,"template":"","format":"video","meta":{"_seopress_robots_primary_cat":"","_seopress_titles_title":"","_seopress_titles_desc":"","_seopress_robots_index":"","jetpack_post_was_ever_published":false,"jetpack_publicize_message":"","jetpack_is_tweetstorm":false,"jetpack_publicize_feature_enabled":true,"jetpack_social_post_already_shared":false,"jetpack_social_options":{"image_generator_settings":{"template":"highway","enabled":false}}},"categories":[53],"tags":[],"jetpack_publicize_connections":[],"jetpack_featured_media_url":"https:\/\/i0.wp.com\/lesrebellesdenoel.ch\/chfr\/wp-content\/rebelles\/2015\/11\/serviette1.jpg?fit=812%2C643&ssl=1","jetpack_shortlink":"https:\/\/wp.me\/pJkx9-tL","jetpack-related-posts":[{"id":1597,"url":"https:\/\/lesrebellesdenoel.ch\/chfr\/technique-de-bricolage-avec-des-serviettes\/","url_meta":{"origin":1845,"position":0},"title":"Technique de bricolage avec des serviettes","date":"19 d\u00e9cembre 2010","format":false,"excerpt":"Pour cr\u00e9er des cadeaux \"fait maison\", voici une technique qui permet de coller des serviettes sur diff\u00e9rents mat\u00e9riaux.","rel":"","context":"Dans &quot;Le blog des Rebelles de No\u00ebl&quot;","img":{"alt_text":"","src":"","width":0,"height":0},"classes":[]},{"id":1722,"url":"https:\/\/lesrebellesdenoel.ch\/chfr\/fabriquer-creer-cadeau-noel-bricoler\/","url_meta":{"origin":1845,"position":1},"title":"Fabriquer des cadeaux de No\u00ebl &#8211; Tutoriel vid\u00e9o","date":"9 d\u00e9cembre 2011","format":false,"excerpt":"D\u00e9coration avec la technique de collage de serviette Voici une technique qui permet de coller des serviettes sur diff\u00e9rents mat\u00e9riaux. D\u00e9corer une bo\u00eete Comment d\u00e9corer une bo\u00eete pour offrir un cadeau \"fait maison\". Suivez les conseils propos\u00e9s dans cette vid\u00e9o au niveau de la peinture, des chablons et des d\u00e9corations.\u2026","rel":"","context":"Dans &quot;Non class\u00e9&quot;","img":{"alt_text":"","src":"","width":0,"height":0},"classes":[]},{"id":1511,"url":"https:\/\/lesrebellesdenoel.ch\/chfr\/7-ressources-pour-creer-du-sens\/","url_meta":{"origin":1845,"position":2},"title":"7 ressources pour cr\u00e9er du sens en 2010","date":"14 d\u00e9cembre 2010","format":false,"excerpt":"Les quatres semaines qui pr\u00e9c\u00e8dent No\u00ebl sont appell\u00e9es l\u2019Avent. Il s\u2019agit d\u2019un temps d\u2019attente, de pr\u00e9paration \u00e0 la f\u00eate de No\u00ebl. Traditionnellement, ce temps d\u2019attente est v\u00e9cu au travers d\u2019un calendrier ou chaque jour nous d\u00e9couvrons un nouvel \u00e9l\u00e9ment. Les enfants appr\u00e9cient particuli\u00e8rement cette activit\u00e9. Cette tradition germanique est n\u00e9e\u2026","rel":"","context":"Dans &quot;Non class\u00e9&quot;","img":{"alt_text":"","src":"https:\/\/i0.wp.com\/lesrebellesdenoel.ch\/chfr\/wp-content\/rebelles\/2010\/12\/couleur-eau.jpg?fit=450%2C270&ssl=1&resize=350%2C200","width":350,"height":200},"classes":[]},{"id":1701,"url":"https:\/\/lesrebellesdenoel.ch\/chfr\/noel-consumerisme-depense-sens-cadeau\/","url_meta":{"origin":1845,"position":3},"title":"No\u00ebl et le consum\u00e9risme &#8211; Vid\u00e9os de prise de conscience","date":"9 d\u00e9cembre 2011","format":false,"excerpt":"Voici quelques vid\u00e9os de r\u00e9flexion sur le th\u00e8me du consum\u00e9risme \u00e0 No\u00ebl. Le court-m\u00e9trage \"L'Eveil\" Retrouvez plus d'informations sur la page du court-m\u00e9trage l'Eveil. Marc et Zo\u00e9 sont en couple depuis quelques ann\u00e9es d\u00e9j\u00e0, mais ils ont de la peine \u00e0 se comprendre, jusqu'\u00e0 qu'un \u00e9v\u00e9nement vienne les surprendre... Animation\u2026","rel":"","context":"Dans &quot;Donner sens \u00e0 No\u00ebl&quot;","img":{"alt_text":"","src":"https:\/\/i0.wp.com\/lesrebellesdenoel.ch\/chfr\/wp-content\/rebelles\/2011\/12\/consumerisme.jpg?fit=1200%2C900&ssl=1&resize=350%2C200","width":350,"height":200},"classes":[]},{"id":1524,"url":"https:\/\/lesrebellesdenoel.ch\/chfr\/proposition-cadeau-sens-noel-partage\/","url_meta":{"origin":1845,"position":4},"title":"105 propositions pour faire de No\u00ebl un temps qui change le monde","date":"29 novembre 2015","format":false,"excerpt":"105 trucs et astuces pour vivre un No\u00ebl rebelle, pour redonner sens \u00e0 cette f\u00eate","rel":"","context":"Dans &quot;Cr\u00e9er du sens&quot;","img":{"alt_text":"","src":"https:\/\/i0.wp.com\/lesrebellesdenoel.ch\/chfr\/wp-content\/rebelles\/2015\/11\/MG_2447.jpg?fit=1000%2C667&ssl=1&resize=350%2C200","width":350,"height":200},"classes":[]},{"id":1223,"url":"https:\/\/lesrebellesdenoel.ch\/chfr\/leveil-court-metrage-de-la-campagne-2010-des-rebelles-de-noel\/","url_meta":{"origin":1845,"position":5},"title":"L&rsquo;\u00e9veil: court-m\u00e9trage de la campagne 2010 des Rebelles de No\u00ebl","date":"2 d\u00e9cembre 2010","format":false,"excerpt":"Marc et Zo\u00e9 sont en couple depuis quelques ann\u00e9es d\u00e9j\u00e0, mais ils ont de la peine \u00e0 se comprendre, jusqu'\u00e0 qu'un \u00e9v\u00e9nement vienne les surprendre...","rel":"","context":"Dans &quot;Donner sens - Rocknews&quot;","img":{"alt_text":"","src":"","width":0,"height":0},"classes":[]}],"_links":{"self":[{"href":"https:\/\/lesrebellesdenoel.ch\/chfr\/wp-json\/wp\/v2\/posts\/1845"}],"collection":[{"href":"https:\/\/lesrebellesdenoel.ch\/chfr\/wp-json\/wp\/v2\/posts"}],"about":[{"href":"https:\/\/lesrebellesdenoel.ch\/chfr\/wp-json\/wp\/v2\/types\/post"}],"author":[{"embeddable":true,"href":"https:\/\/lesrebellesdenoel.ch\/chfr\/wp-json\/wp\/v2\/users\/1"}],"replies":[{"embeddable":true,"href":"https:\/\/lesrebellesdenoel.ch\/chfr\/wp-json\/wp\/v2\/comments?post=1845"}],"version-history":[{"count":1,"href":"https:\/\/lesrebellesdenoel.ch\/chfr\/wp-json\/wp\/v2\/posts\/1845\/revisions"}],"predecessor-version":[{"id":1847,"href":"https:\/\/lesrebellesdenoel.ch\/chfr\/wp-json\/wp\/v2\/posts\/1845\/revisions\/1847"}],"wp:featuredmedia":[{"embeddable":true,"href":"https:\/\/lesrebellesdenoel.ch\/chfr\/wp-json\/wp\/v2\/media\/1846"}],"wp:attachment":[{"href":"https:\/\/lesrebellesdenoel.ch\/chfr\/wp-json\/wp\/v2\/media?parent=1845"}],"wp:term":[{"taxonomy":"category","embeddable":true,"href":"https:\/\/lesrebellesdenoel.ch\/chfr\/wp-json\/wp\/v2\/categories?post=1845"},{"taxonomy":"post_tag","embeddable":true,"href":"https:\/\/lesrebellesdenoel.ch\/chfr\/wp-json\/wp\/v2\/tags?post=1845"}],"curies":[{"name":"wp","href":"https:\/\/api.w.org\/{rel}","templated":true}]}}