{"id":1820,"date":"2015-11-28T20:55:08","date_gmt":"2015-11-28T19:55:08","guid":{"rendered":"http:\/\/lesrebellesdenoel.ch\/chfr\/?p=1820"},"modified":"2015-11-29T09:16:38","modified_gmt":"2015-11-29T08:16:38","slug":"oui-vraiment-a-contresens","status":"publish","type":"post","link":"https:\/\/lesrebellesdenoel.ch\/chfr\/oui-vraiment-a-contresens\/","title":{"rendered":"Oui, No\u00ebl, vraiment \u00e0 contresens !"},"content":{"rendered":"<p>F\u00eater No\u00ebl \u00e0 contresens,\u00a0cela a vraiment beaucoup de sens !<\/p>\n","protected":false},"excerpt":{"rendered":"<p>F\u00eater No\u00ebl \u00e0 contresens,\u00a0cela a vraiment beaucoup de sens !<\/p>\n","protected":false},"author":1,"featured_media":1826,"comment_status":"open","ping_status":"open","sticky":false,"template":"","format":"video","meta":{"_seopress_robots_primary_cat":"","_seopress_titles_title":"","_seopress_titles_desc":"","_seopress_robots_index":"","jetpack_post_was_ever_published":false,"jetpack_publicize_message":"","jetpack_is_tweetstorm":false,"jetpack_publicize_feature_enabled":true,"jetpack_social_post_already_shared":false,"jetpack_social_options":{"image_generator_settings":{"template":"highway","enabled":false}}},"categories":[52],"tags":[],"jetpack_publicize_connections":[],"jetpack_featured_media_url":"https:\/\/i0.wp.com\/lesrebellesdenoel.ch\/chfr\/wp-content\/rebelles\/2015\/11\/noel-vraiment-contre-sens1.jpg?fit=1277%2C664&ssl=1","jetpack_shortlink":"https:\/\/wp.me\/pJkx9-tm","jetpack-related-posts":[{"id":1818,"url":"https:\/\/lesrebellesdenoel.ch\/chfr\/vivons-noel-a-contresens\/","url_meta":{"origin":1820,"position":0},"title":"Vivons No\u00ebl \u00e0 contresens","date":"28 novembre 2015","format":"video","excerpt":"Quand allez \u00e0 l'envers du courant, nous rapproche de quelque chose, de quelqu'un.","rel":"","context":"Dans &quot;Homepage - top&quot;","img":{"alt_text":"","src":"https:\/\/i0.wp.com\/lesrebellesdenoel.ch\/chfr\/wp-content\/rebelles\/2015\/11\/noel-contre-sens1.jpg?fit=1200%2C579&ssl=1&resize=350%2C200","width":350,"height":200},"classes":[]},{"id":1536,"url":"https:\/\/lesrebellesdenoel.ch\/chfr\/100-propositions-pour-vivre-un-noel-different\/","url_meta":{"origin":1820,"position":1},"title":"100 propositions pour vivre un No\u00ebl diff\u00e9rent","date":"15 d\u00e9cembre 2010","format":false,"excerpt":"C'est parti comme un d\u00e9fi, trouvez 100 mani\u00e8res diff\u00e9rentes de vivre No\u00ebl qui fasse sens, qui cr\u00e9e du sens et qui offre du sens. Mais finalement c'\u00e9tait possible. Voici donc 100 trucs et astuces pour f\u00eater No\u00ebl et faire de cette f\u00eate un \u00e9v\u00e9nement qui change le monde.","rel":"","context":"Dans &quot;Le blog des Rebelles de No\u00ebl&quot;","img":{"alt_text":"","src":"","width":0,"height":0},"classes":[]},{"id":1125,"url":"https:\/\/lesrebellesdenoel.ch\/chfr\/bienvenue-dans-le-monde-des-rebelles-de-noel\/","url_meta":{"origin":1820,"position":2},"title":"Redonnons sens \u00e0 No\u00ebl","date":"30 octobre 2010","format":false,"excerpt":"Bienvenue dans le monde des Rebelles de No\u00ebl. L\u2019histoire de\u00a0No\u00ebl\u00a0est faite\u00a0d\u2019espoir et de rencontre. Mais que reste-il de tout ceci le 26 d\u00e9cembre au matin ? Ce site a pour ambition de proposer des ressources et des r\u00e9flexions pour vivre un temps de l'Avent et de No\u00ebl dans une autre\u2026","rel":"","context":"Dans &quot;Homepage - top&quot;","img":{"alt_text":"","src":"","width":0,"height":0},"classes":[]},{"id":1772,"url":"https:\/\/lesrebellesdenoel.ch\/chfr\/1er-teaser-pour-la-campagne-2012-des-rebelles-de-noel\/","url_meta":{"origin":1820,"position":3},"title":"1er teaser pour la campagne 2012 des Rebelles de No\u00ebl","date":"28 novembre 2012","format":false,"excerpt":"Vivre No\u00ebl \u00e0 contre-sens ? C'est possible et cela peut faire sens. La preuve dans ce 1er teaser, \u00e0 0:45 secondes le contre-sens prendra tout son sens... Nous allons lancer une campagne sur le th\u00e8me de \"Un bol de riz par jour\", qui proposera de d\u00e9couvrir la joie de la\u2026","rel":"","context":"Dans &quot;Le blog des Rebelles de No\u00ebl&quot;","img":{"alt_text":"","src":"","width":0,"height":0},"classes":[]},{"id":1134,"url":"https:\/\/lesrebellesdenoel.ch\/chfr\/aime-chacun\/","url_meta":{"origin":1820,"position":4},"title":"Aime!","date":"31 octobre 2010","format":false,"excerpt":"L\u2019important, c\u2019est de faire plaisir\u2026 \u2028L\u2019autre n\u2019a pas besoin de quelque chose de MATERIEL. \u2028On a tous besoin d\u2019\u00eatre aim\u00e9\u2026 et on a tous besoin d\u2019aimer.\u2028 Donnons ce qui ne s\u2019ach\u00e8te pas! D\u00e9pense toi! \u2028No\u00ebl, c\u2019est souvent une p\u00e9riode ou l\u2019on d\u00e9pense beaucoup. Mais l\u2019important, c\u2019est de se d\u00e9penser. \u00catre\u2026","rel":"","context":"Dans &quot;Non class\u00e9&quot;","img":{"alt_text":"","src":"https:\/\/i0.wp.com\/lesrebellesdenoel.ch\/chfr\/wp-content\/rebelles\/2010\/10\/ballon.jpg?resize=350%2C200","width":350,"height":200},"classes":[]},{"id":1816,"url":"https:\/\/lesrebellesdenoel.ch\/chfr\/noel-la-fete-de-quoi\/","url_meta":{"origin":1820,"position":5},"title":"No\u00ebl, la f\u00eate de quoi ?","date":"28 novembre 2015","format":"video","excerpt":"No\u00ebl, la f\u00eate du consum\u00e9risme, du stress, des\u00a0engueulades ? Ou No\u00ebl, la f\u00eate d'autre chose ?","rel":"","context":"Dans &quot;Homepage - top&quot;","img":{"alt_text":"","src":"https:\/\/i0.wp.com\/lesrebellesdenoel.ch\/chfr\/wp-content\/rebelles\/2015\/11\/fete-quoi.jpg?fit=1200%2C632&ssl=1&resize=350%2C200","width":350,"height":200},"classes":[]}],"_links":{"self":[{"href":"https:\/\/lesrebellesdenoel.ch\/chfr\/wp-json\/wp\/v2\/posts\/1820"}],"collection":[{"href":"https:\/\/lesrebellesdenoel.ch\/chfr\/wp-json\/wp\/v2\/posts"}],"about":[{"href":"https:\/\/lesrebellesdenoel.ch\/chfr\/wp-json\/wp\/v2\/types\/post"}],"author":[{"embeddable":true,"href":"https:\/\/lesrebellesdenoel.ch\/chfr\/wp-json\/wp\/v2\/users\/1"}],"replies":[{"embeddable":true,"href":"https:\/\/lesrebellesdenoel.ch\/chfr\/wp-json\/wp\/v2\/comments?post=1820"}],"version-history":[{"count":2,"href":"https:\/\/lesrebellesdenoel.ch\/chfr\/wp-json\/wp\/v2\/posts\/1820\/revisions"}],"predecessor-version":[{"id":1825,"href":"https:\/\/lesrebellesdenoel.ch\/chfr\/wp-json\/wp\/v2\/posts\/1820\/revisions\/1825"}],"wp:featuredmedia":[{"embeddable":true,"href":"https:\/\/lesrebellesdenoel.ch\/chfr\/wp-json\/wp\/v2\/media\/1826"}],"wp:attachment":[{"href":"https:\/\/lesrebellesdenoel.ch\/chfr\/wp-json\/wp\/v2\/media?parent=1820"}],"wp:term":[{"taxonomy":"category","embeddable":true,"href":"https:\/\/lesrebellesdenoel.ch\/chfr\/wp-json\/wp\/v2\/categories?post=1820"},{"taxonomy":"post_tag","embeddable":true,"href":"https:\/\/lesrebellesdenoel.ch\/chfr\/wp-json\/wp\/v2\/tags?post=1820"}],"curies":[{"name":"wp","href":"https:\/\/api.w.org\/{rel}","templated":true}]}}