{"id":1780,"date":"2012-12-05T10:55:02","date_gmt":"2012-12-05T09:55:02","guid":{"rendered":"http:\/\/lesrebellesdenoel.ch\/chfr\/?p=1780"},"modified":"2012-12-05T10:56:23","modified_gmt":"2012-12-05T09:56:23","slug":"la-campagne-2012-des-rebelles-de-noel-un-bol-de-riz-par-jour","status":"publish","type":"post","link":"https:\/\/lesrebellesdenoel.ch\/chfr\/la-campagne-2012-des-rebelles-de-noel-un-bol-de-riz-par-jour\/","title":{"rendered":"La campagne 2012 des Rebelles de No\u00ebl: \u00ab\u00a0Un bol de riz par jour\u00a0\u00bb"},"content":{"rendered":"<p>Nous avons le plaisir de vous pr\u00e9senter la campagne 2012 des Rebelles de No\u00ebl. Il s&rsquo;agit d&rsquo;une exp\u00e9rience sur 5 jours qui consiste \u00e0 manger uniquement 1 bol de riz par jour. <a href=\"http:\/\/bol-de-riz.ch\">Le site web de la campagne du bol de riz<\/a> contient de nombreuses ressources et vid\u00e9os pour vous accompagner dans cette d\u00e9marche.<\/p>\n","protected":false},"excerpt":{"rendered":"<p>Nous avons le plaisir de vous pr\u00e9senter la campagne 2012 des Rebelles de No\u00ebl. Il s&rsquo;agit d&rsquo;une exp\u00e9rience sur 5 jours qui consiste \u00e0 manger uniquement 1 bol de riz par jour. Le site web de la campagne du bol de riz contient de nombreuses ressources et vid\u00e9os pour vous accompagner dans cette d\u00e9marche.<\/p>\n","protected":false},"author":1,"featured_media":1782,"comment_status":"open","ping_status":"open","sticky":false,"template":"","format":"standard","meta":{"_seopress_robots_primary_cat":"","_seopress_titles_title":"","_seopress_titles_desc":"","_seopress_robots_index":"","jetpack_post_was_ever_published":false,"jetpack_publicize_message":"","jetpack_is_tweetstorm":false,"jetpack_publicize_feature_enabled":true,"jetpack_social_post_already_shared":false,"jetpack_social_options":{"image_generator_settings":{"template":"highway","enabled":false}}},"categories":[4],"tags":[],"jetpack_publicize_connections":[],"jetpack_featured_media_url":"https:\/\/i0.wp.com\/lesrebellesdenoel.ch\/chfr\/wp-content\/rebelles\/2012\/12\/pour-facebook-opengraph.jpg?fit=600%2C529&ssl=1","jetpack_shortlink":"https:\/\/wp.me\/pJkx9-sI","jetpack-related-posts":[{"id":1772,"url":"https:\/\/lesrebellesdenoel.ch\/chfr\/1er-teaser-pour-la-campagne-2012-des-rebelles-de-noel\/","url_meta":{"origin":1780,"position":0},"title":"1er teaser pour la campagne 2012 des Rebelles de No\u00ebl","date":"28 novembre 2012","format":false,"excerpt":"Vivre No\u00ebl \u00e0 contre-sens ? C'est possible et cela peut faire sens. La preuve dans ce 1er teaser, \u00e0 0:45 secondes le contre-sens prendra tout son sens... Nous allons lancer une campagne sur le th\u00e8me de \"Un bol de riz par jour\", qui proposera de d\u00e9couvrir la joie de la\u2026","rel":"","context":"Dans &quot;Le blog des Rebelles de No\u00ebl&quot;","img":{"alt_text":"","src":"","width":0,"height":0},"classes":[]},{"id":1767,"url":"https:\/\/lesrebellesdenoel.ch\/chfr\/nous-aider-a-financer-notre-campagne-2012\/","url_meta":{"origin":1780,"position":1},"title":"Nous aider \u00e0 financer notre campagne 2012","date":"9 octobre 2012","format":false,"excerpt":"La campagne 2012 est en train de se pr\u00e9parer. Nous allons proposer une exp\u00e9rience de 5 jours autour d'un bol de riz. Chacun pourra vivre la simplicit\u00e9 et la joie qui en d\u00e9coule. Nous cherchons \u00e0 lever 1000 sFr (800 Euro) pour la cr\u00e9ation des vid\u00e9os et du contenu du\u2026","rel":"","context":"Dans &quot;Le blog des Rebelles de No\u00ebl&quot;","img":{"alt_text":"","src":"https:\/\/i0.wp.com\/lesrebellesdenoel.ch\/chfr\/wp-content\/rebelles\/2012\/10\/riz.jpg?fit=400%2C300&ssl=1&resize=350%2C200","width":350,"height":200},"classes":[]},{"id":1186,"url":"https:\/\/lesrebellesdenoel.ch\/chfr\/leveil-un-court-metrage-pour-la-campagne-des-rebelles-de-noel-2010\/","url_meta":{"origin":1780,"position":2},"title":"L&rsquo;\u00e9veil: un court-m\u00e9trage pour la campagne des Rebelles de No\u00ebl 2010","date":"27 novembre 2010","format":false,"excerpt":"Nous pr\u00e9sentons un court-m\u00e9trage de 9 minutes sur le th\u00e8me de la campagne 2010 des Rebelles de No\u00ebl. Marc et Zo\u00e9 sont en couple depuis quelques ann\u00e9es d\u00e9j\u00e0, mais ils ont de la peine \u00e0 se comprendre, jusqu'\u00e0 qu'un \u00e9v\u00e9nement inattendu vienne les surprendre...","rel":"","context":"Dans &quot;Le blog des Rebelles de No\u00ebl&quot;","img":{"alt_text":"","src":"","width":0,"height":0},"classes":[]},{"id":1223,"url":"https:\/\/lesrebellesdenoel.ch\/chfr\/leveil-court-metrage-de-la-campagne-2010-des-rebelles-de-noel\/","url_meta":{"origin":1780,"position":3},"title":"L&rsquo;\u00e9veil: court-m\u00e9trage de la campagne 2010 des Rebelles de No\u00ebl","date":"2 d\u00e9cembre 2010","format":false,"excerpt":"Marc et Zo\u00e9 sont en couple depuis quelques ann\u00e9es d\u00e9j\u00e0, mais ils ont de la peine \u00e0 se comprendre, jusqu'\u00e0 qu'un \u00e9v\u00e9nement vienne les surprendre...","rel":"","context":"Dans &quot;Donner sens - Rocknews&quot;","img":{"alt_text":"","src":"","width":0,"height":0},"classes":[]},{"id":1182,"url":"https:\/\/lesrebellesdenoel.ch\/chfr\/lemission-juste-ciel-presente-la-journee-sans-achat\/","url_meta":{"origin":1780,"position":4},"title":"L&rsquo;\u00e9mission Juste Ciel pr\u00e9sente la journ\u00e9e sans achat","date":"26 novembre 2010","format":false,"excerpt":"L'\u00e9mission \"Juste Ciel\" de la Radio Suisse Romande a pr\u00e9sent\u00e9 le d\u00e9but de la campagne des Rebelles de No\u00ebl qui commence demain par la journ\u00e9e sans achat. Pour \u00e9couter l'\u00e9mission: Juste Ciel du 26 novembre","rel":"","context":"Dans &quot;Le blog des Rebelles de No\u00ebl&quot;","img":{"alt_text":"","src":"","width":0,"height":0},"classes":[]},{"id":632,"url":"https:\/\/lesrebellesdenoel.ch\/chfr\/dernire-ligne-droite-noel-proposition-cadeau\/","url_meta":{"origin":1780,"position":5},"title":"Derni\u00e8re ligne droite avant No\u00ebl","date":"22 d\u00e9cembre 2009","format":false,"excerpt":"Derni\u00e8re ligne droite avant No\u00ebl","rel":"","context":"Dans &quot;Le blog des Rebelles de No\u00ebl&quot;","img":{"alt_text":"","src":"","width":0,"height":0},"classes":[]}],"_links":{"self":[{"href":"https:\/\/lesrebellesdenoel.ch\/chfr\/wp-json\/wp\/v2\/posts\/1780"}],"collection":[{"href":"https:\/\/lesrebellesdenoel.ch\/chfr\/wp-json\/wp\/v2\/posts"}],"about":[{"href":"https:\/\/lesrebellesdenoel.ch\/chfr\/wp-json\/wp\/v2\/types\/post"}],"author":[{"embeddable":true,"href":"https:\/\/lesrebellesdenoel.ch\/chfr\/wp-json\/wp\/v2\/users\/1"}],"replies":[{"embeddable":true,"href":"https:\/\/lesrebellesdenoel.ch\/chfr\/wp-json\/wp\/v2\/comments?post=1780"}],"version-history":[{"count":3,"href":"https:\/\/lesrebellesdenoel.ch\/chfr\/wp-json\/wp\/v2\/posts\/1780\/revisions"}],"predecessor-version":[{"id":1784,"href":"https:\/\/lesrebellesdenoel.ch\/chfr\/wp-json\/wp\/v2\/posts\/1780\/revisions\/1784"}],"wp:featuredmedia":[{"embeddable":true,"href":"https:\/\/lesrebellesdenoel.ch\/chfr\/wp-json\/wp\/v2\/media\/1782"}],"wp:attachment":[{"href":"https:\/\/lesrebellesdenoel.ch\/chfr\/wp-json\/wp\/v2\/media?parent=1780"}],"wp:term":[{"taxonomy":"category","embeddable":true,"href":"https:\/\/lesrebellesdenoel.ch\/chfr\/wp-json\/wp\/v2\/categories?post=1780"},{"taxonomy":"post_tag","embeddable":true,"href":"https:\/\/lesrebellesdenoel.ch\/chfr\/wp-json\/wp\/v2\/tags?post=1780"}],"curies":[{"name":"wp","href":"https:\/\/api.w.org\/{rel}","templated":true}]}}