{"id":1708,"date":"2011-12-09T14:35:24","date_gmt":"2011-12-09T13:35:24","guid":{"rendered":"http:\/\/lesrebellesdenoel.ch\/chfr\/?p=1708"},"modified":"2015-11-29T16:03:48","modified_gmt":"2015-11-29T15:03:48","slug":"decouverte-creche-signification-creation","status":"publish","type":"post","link":"https:\/\/lesrebellesdenoel.ch\/chfr\/decouverte-creche-signification-creation\/","title":{"rendered":"D\u00e9couverte du monde des cr\u00e8ches"},"content":{"rendered":"<p>Les cr\u00e8ches de No\u00ebl sont une partie importante de la magie de No\u00ebl. Voici quelques vid\u00e9os pour d\u00e9couvrir ce monde merveilleux.<\/p>\n<h3>Introduction au projet d&rsquo;une cr\u00e8che de 60m2 \u00e0 Yverdon en Suisse<\/h3>\n<p><object classid=\"clsid:d27cdb6e-ae6d-11cf-96b8-444553540000\" width=\"640\" height=\"385\" codebase=\"http:\/\/download.macromedia.com\/pub\/shockwave\/cabs\/flash\/swflash.cab#version=6,0,40,0\"><param name=\"allowFullScreen\" value=\"true\" \/><param name=\"allowscriptaccess\" value=\"always\" \/><param name=\"src\" value=\"http:\/\/www.youtube.com\/v\/JPAGwPEcjOk?fs=1&amp;hl=en_US&amp;rel=0&amp;hd=1&amp;color1=0x006699&amp;color2=0x54abd6\" \/><param name=\"allowfullscreen\" value=\"true\" \/><\/object><br \/>\n<iframe src=\"http:\/\/www.facebook.com\/plugins\/like.php?href=http%3A%2F%2Fwww.youtube.com%2Fwatch%3Fv%3DJPAGwPEcjOk&amp;layout=standard&amp;show_faces=false&amp;width=450&amp;action=like&amp;colorscheme=light&amp;height=35\" scrolling=\"no\" frameborder=\"0\" style=\"border:none; overflow:hidden; width:450px; height:35px;\" allowTransparency=\"true\"><\/iframe><\/p>\n<h3>Comment cr\u00e9er sa cr\u00e8che de No\u00ebl<\/h3>\n<p><object width=\"640\" height=\"385\"><param name=\"movie\" value=\"http:\/\/www.youtube.com\/v\/X4a-Wn6NrlE?fs=1&amp;hl=en_US&amp;rel=0&amp;hd=1&amp;color1=0x006699&amp;color2=0x54abd6\"><\/param><param name=\"allowFullScreen\" value=\"true\"><\/param><param name=\"allowscriptaccess\" value=\"always\"><\/param><\/object><br \/>\n<iframe src=\"http:\/\/www.facebook.com\/plugins\/like.php?href=http%3A%2F%2Fwww.youtube.com%2Fwatch%3Fv%3DX4a-Wn6NrlE&amp;layout=standard&amp;show_faces=false&amp;width=450&amp;action=like&amp;colorscheme=light&amp;height=35\" scrolling=\"no\" frameborder=\"0\" style=\"border:none; overflow:hidden; width:450px; height:35px;\" allowTransparency=\"true\"><\/iframe><\/p>\n<h3>Spiritualit\u00e9, symbolique et St-Francois dans la cr\u00e8che d&rsquo;Yverdon<\/h3>\n<p><object width=\"640\" height=\"385\"><param name=\"movie\" value=\"http:\/\/www.youtube.com\/v\/kwZLyZLcnws?fs=1&amp;hl=en_US&amp;rel=0&amp;hd=1&amp;color1=0x006699&amp;color2=0x54abd6\"><\/param><param name=\"allowFullScreen\" value=\"true\"><\/param><param name=\"allowscriptaccess\" value=\"always\"><\/param><\/object><br \/>\n<iframe src=\"http:\/\/www.facebook.com\/plugins\/like.php?href=http%3A%2F%2Fwww.youtube.com%2Fwatch%3Fv%3DkwZLyZLcnws&amp;layout=standard&amp;show_faces=false&amp;width=450&amp;action=like&amp;colorscheme=light&amp;height=35\" scrolling=\"no\" frameborder=\"0\" style=\"border:none; overflow:hidden; width:450px; height:35px;\" allowTransparency=\"true\"><\/iframe><\/p>\n","protected":false},"excerpt":{"rendered":"<p>Les cr\u00e8ches de No\u00ebl sont une partie importante de la magie de No\u00ebl. Voici quelques vid\u00e9os pour d\u00e9couvrir ce monde merveilleux. Introduction au projet d&rsquo;une cr\u00e8che de 60m2 \u00e0 Yverdon en Suisse Comment cr\u00e9er sa cr\u00e8che de No\u00ebl Spiritualit\u00e9, symbolique et St-Francois dans la cr\u00e8che d&rsquo;Yverdon<\/p>\n","protected":false},"author":1,"featured_media":1893,"comment_status":"open","ping_status":"open","sticky":false,"template":"","format":"standard","meta":{"_seopress_robots_primary_cat":"","_seopress_titles_title":"","_seopress_titles_desc":"","_seopress_robots_index":"","jetpack_post_was_ever_published":false,"jetpack_publicize_message":"","jetpack_is_tweetstorm":false,"jetpack_publicize_feature_enabled":true,"jetpack_social_post_already_shared":false,"jetpack_social_options":{"image_generator_settings":{"template":"highway","enabled":false}}},"categories":[54],"tags":[],"jetpack_publicize_connections":[],"jetpack_featured_media_url":"https:\/\/i0.wp.com\/lesrebellesdenoel.ch\/chfr\/wp-content\/rebelles\/2011\/12\/creche.jpg?fit=1024%2C683&ssl=1","jetpack_shortlink":"https:\/\/wp.me\/pJkx9-ry","jetpack-related-posts":[{"id":1125,"url":"https:\/\/lesrebellesdenoel.ch\/chfr\/bienvenue-dans-le-monde-des-rebelles-de-noel\/","url_meta":{"origin":1708,"position":0},"title":"Redonnons sens \u00e0 No\u00ebl","date":"30 octobre 2010","format":false,"excerpt":"Bienvenue dans le monde des Rebelles de No\u00ebl. L\u2019histoire de\u00a0No\u00ebl\u00a0est faite\u00a0d\u2019espoir et de rencontre. Mais que reste-il de tout ceci le 26 d\u00e9cembre au matin ? Ce site a pour ambition de proposer des ressources et des r\u00e9flexions pour vivre un temps de l'Avent et de No\u00ebl dans une autre\u2026","rel":"","context":"Dans &quot;Homepage - top&quot;","img":{"alt_text":"","src":"","width":0,"height":0},"classes":[]},{"id":1536,"url":"https:\/\/lesrebellesdenoel.ch\/chfr\/100-propositions-pour-vivre-un-noel-different\/","url_meta":{"origin":1708,"position":1},"title":"100 propositions pour vivre un No\u00ebl diff\u00e9rent","date":"15 d\u00e9cembre 2010","format":false,"excerpt":"C'est parti comme un d\u00e9fi, trouvez 100 mani\u00e8res diff\u00e9rentes de vivre No\u00ebl qui fasse sens, qui cr\u00e9e du sens et qui offre du sens. Mais finalement c'\u00e9tait possible. Voici donc 100 trucs et astuces pour f\u00eater No\u00ebl et faire de cette f\u00eate un \u00e9v\u00e9nement qui change le monde.","rel":"","context":"Dans &quot;Le blog des Rebelles de No\u00ebl&quot;","img":{"alt_text":"","src":"","width":0,"height":0},"classes":[]},{"id":1636,"url":"https:\/\/lesrebellesdenoel.ch\/chfr\/les-rebelles-de-noel-version-2011\/","url_meta":{"origin":1708,"position":2},"title":"Les Rebelles de No\u00ebl version 2011","date":"24 novembre 2011","format":false,"excerpt":"Les Rebelles de No\u00ebl sont de retour pour cette ann\u00e9e 2011 ! Ces 4 prochains dimanches, nous vous proposerons une vid\u00e9o de m\u00e9ditation sur des th\u00e8mes en rapport avec No\u00ebl. A d\u00e9couvrir ce dimanche 27 novembre, le premier \u00a0court-m\u00e9trage. D\u00e8s le 1er d\u00e9cembre, vous pourrez acc\u00e9der \u00e0 une web app\u2026","rel":"","context":"Dans &quot;Le blog des Rebelles de No\u00ebl&quot;","img":{"alt_text":"","src":"https:\/\/i0.wp.com\/lesrebellesdenoel.ch\/chfr\/wp-content\/rebelles\/2011\/11\/balthazar-211x300.jpg?resize=350%2C200","width":350,"height":200},"classes":[]},{"id":644,"url":"https:\/\/lesrebellesdenoel.ch\/chfr\/noel-debut-recreation-choses\/","url_meta":{"origin":1708,"position":3},"title":"No\u00ebl: le d\u00e9but de la recr\u00e9ation de toutes choses","date":"25 d\u00e9cembre 2009","format":false,"excerpt":"No\u00ebl inaugure une nouvelle \u00e9tape dans l'histoire de l'humanit\u00e9.","rel":"","context":"Dans &quot;Donner sens \u00e0 No\u00ebl&quot;","img":{"alt_text":"","src":"https:\/\/i0.wp.com\/lesrebellesdenoel.ch\/chfr\/wp-content\/rebelles\/2009\/12\/nativity.jpg?fit=1007%2C1200&ssl=1&resize=350%2C200","width":350,"height":200},"classes":[]},{"id":1225,"url":"https:\/\/lesrebellesdenoel.ch\/chfr\/video-campagne-2009\/","url_meta":{"origin":1708,"position":4},"title":"La vid\u00e9o de la campagne 2009 &#8211; redonner sens \u00e0 No\u00ebl","date":"2 d\u00e9cembre 2010","format":false,"excerpt":"Est-ce que No\u00ebl se r\u00e9sume au credo \"Ach\u00e8te,ach\u00e8te, ach\u00e8te\". Une animation vid\u00e9o avec quelques phrases choc.","rel":"","context":"Dans &quot;Donner sens - Rocknews&quot;","img":{"alt_text":"","src":"","width":0,"height":0},"classes":[]},{"id":632,"url":"https:\/\/lesrebellesdenoel.ch\/chfr\/dernire-ligne-droite-noel-proposition-cadeau\/","url_meta":{"origin":1708,"position":5},"title":"Derni\u00e8re ligne droite avant No\u00ebl","date":"22 d\u00e9cembre 2009","format":false,"excerpt":"Derni\u00e8re ligne droite avant No\u00ebl","rel":"","context":"Dans &quot;Le blog des Rebelles de No\u00ebl&quot;","img":{"alt_text":"","src":"","width":0,"height":0},"classes":[]}],"_links":{"self":[{"href":"https:\/\/lesrebellesdenoel.ch\/chfr\/wp-json\/wp\/v2\/posts\/1708"}],"collection":[{"href":"https:\/\/lesrebellesdenoel.ch\/chfr\/wp-json\/wp\/v2\/posts"}],"about":[{"href":"https:\/\/lesrebellesdenoel.ch\/chfr\/wp-json\/wp\/v2\/types\/post"}],"author":[{"embeddable":true,"href":"https:\/\/lesrebellesdenoel.ch\/chfr\/wp-json\/wp\/v2\/users\/1"}],"replies":[{"embeddable":true,"href":"https:\/\/lesrebellesdenoel.ch\/chfr\/wp-json\/wp\/v2\/comments?post=1708"}],"version-history":[{"count":5,"href":"https:\/\/lesrebellesdenoel.ch\/chfr\/wp-json\/wp\/v2\/posts\/1708\/revisions"}],"predecessor-version":[{"id":1862,"href":"https:\/\/lesrebellesdenoel.ch\/chfr\/wp-json\/wp\/v2\/posts\/1708\/revisions\/1862"}],"wp:featuredmedia":[{"embeddable":true,"href":"https:\/\/lesrebellesdenoel.ch\/chfr\/wp-json\/wp\/v2\/media\/1893"}],"wp:attachment":[{"href":"https:\/\/lesrebellesdenoel.ch\/chfr\/wp-json\/wp\/v2\/media?parent=1708"}],"wp:term":[{"taxonomy":"category","embeddable":true,"href":"https:\/\/lesrebellesdenoel.ch\/chfr\/wp-json\/wp\/v2\/categories?post=1708"},{"taxonomy":"post_tag","embeddable":true,"href":"https:\/\/lesrebellesdenoel.ch\/chfr\/wp-json\/wp\/v2\/tags?post=1708"}],"curies":[{"name":"wp","href":"https:\/\/api.w.org\/{rel}","templated":true}]}}