{"id":1434,"date":"2010-12-06T21:51:51","date_gmt":"2010-12-06T20:51:51","guid":{"rendered":"http:\/\/lesrebellesdenoel.ch\/chfr\/?p=1434"},"modified":"2011-12-09T18:00:24","modified_gmt":"2011-12-09T17:00:24","slug":"creation-et-decoration-dune-lanterne","status":"publish","type":"post","link":"https:\/\/lesrebellesdenoel.ch\/chfr\/creation-et-decoration-dune-lanterne\/","title":{"rendered":"Cr\u00e9ation et d\u00e9coration d&rsquo;une lanterne"},"content":{"rendered":"<p>Au travers de cette vid\u00e9o, vous apprendrez comment cr\u00e9er une lanterne et la d\u00e9corer. Plusieurs techniques sont pr\u00e9sent\u00e9es.<\/p>\n<p><object width=\"640\" height=\"385\"><param name=\"movie\" value=\"http:\/\/www.youtube.com\/v\/cB_ef5zjIzQ?fs=1&amp;hl=en_US&amp;rel=0&amp;hd=1&amp;color1=0x006699&amp;color2=0x54abd6\"><\/param><param name=\"allowFullScreen\" value=\"true\"><\/param><param name=\"allowscriptaccess\" value=\"always\"><\/param><\/object><br \/>\n<iframe src=\"http:\/\/www.facebook.com\/plugins\/like.php?href=http%3A%2F%2Fwww.youtube.com%2Fwatch%3Fv%3DcB_ef5zjIzQ&amp;layout=standard&amp;show_faces=false&amp;width=450&amp;action=like&amp;colorscheme=light&amp;height=35\" scrolling=\"no\" frameborder=\"0\" style=\"border:none; overflow:hidden; width:450px; height:35px;\" allowTransparency=\"true\"><\/iframe><\/p>\n","protected":false},"excerpt":{"rendered":"<p>Au travers de cette vid\u00e9o, vous apprendrez comment cr\u00e9er une lanterne et la d\u00e9corer. Plusieurs techniques sont pr\u00e9sent\u00e9es.<\/p>\n","protected":false},"author":1,"featured_media":0,"comment_status":"open","ping_status":"open","sticky":false,"template":"","format":"standard","meta":{"_seopress_robots_primary_cat":"","_seopress_titles_title":"","_seopress_titles_desc":"","_seopress_robots_index":"","jetpack_post_was_ever_published":false,"jetpack_publicize_message":"","jetpack_is_tweetstorm":false,"jetpack_publicize_feature_enabled":true,"jetpack_social_post_already_shared":false,"jetpack_social_options":{"image_generator_settings":{"template":"highway","enabled":false}}},"categories":[4],"tags":[],"jetpack_publicize_connections":[],"jetpack_featured_media_url":"","jetpack_shortlink":"https:\/\/wp.me\/pJkx9-n8","jetpack-related-posts":[{"id":1722,"url":"https:\/\/lesrebellesdenoel.ch\/chfr\/fabriquer-creer-cadeau-noel-bricoler\/","url_meta":{"origin":1434,"position":0},"title":"Fabriquer des cadeaux de No\u00ebl &#8211; Tutoriel vid\u00e9o","date":"9 d\u00e9cembre 2011","format":false,"excerpt":"D\u00e9coration avec la technique de collage de serviette Voici une technique qui permet de coller des serviettes sur diff\u00e9rents mat\u00e9riaux. D\u00e9corer une bo\u00eete Comment d\u00e9corer une bo\u00eete pour offrir un cadeau \"fait maison\". Suivez les conseils propos\u00e9s dans cette vid\u00e9o au niveau de la peinture, des chablons et des d\u00e9corations.\u2026","rel":"","context":"Dans &quot;Non class\u00e9&quot;","img":{"alt_text":"","src":"","width":0,"height":0},"classes":[]},{"id":1848,"url":"https:\/\/lesrebellesdenoel.ch\/chfr\/creation-lanterne-bricolage\/","url_meta":{"origin":1434,"position":1},"title":"Cr\u00e9ation d&rsquo;une lanterne","date":"29 novembre 2015","format":"video","excerpt":"Cr\u00e9ons du sens en offrant un cadeau de No\u00ebl fait \u00e0 la main!","rel":"","context":"Dans &quot;Cr\u00e9er du sens&quot;","img":{"alt_text":"","src":"https:\/\/i0.wp.com\/lesrebellesdenoel.ch\/chfr\/wp-content\/rebelles\/2015\/11\/bricolage.jpg?fit=622%2C661&ssl=1&resize=350%2C200","width":350,"height":200},"classes":[]},{"id":772,"url":"https:\/\/lesrebellesdenoel.ch\/chfr\/meditation-careme-2010-justic-21-au-27-fevrier\/","url_meta":{"origin":1434,"position":2},"title":"Car\u00eame 2010 &#8211; M\u00e9diation 21 au 27 f\u00e9vrier 2010 &#8211; La Justice","date":"18 f\u00e9vrier 2010","format":false,"excerpt":"\u00ab L\u2019Eternel a entendu nos plaintes \u00bb \u2013 Deut\u00e9ronome 26.5-11 Dieu a entendu le cri des Isra\u00e9lites et leur a envoy\u00e9 Mo\u00efse. De m\u00eame aujourd\u2019hui, Dieu entend la pri\u00e8re des \u00ab d\u00e9poss\u00e9d\u00e9s \u00bb. Il veut que nous nous occupions des pauvres et des opprim\u00e9s\u2026","rel":"","context":"Dans &quot;Car\u00eame 2010 - M\u00e9diations&quot;","img":{"alt_text":"","src":"https:\/\/i0.wp.com\/lesrebellesdenoel.ch\/chfr\/wp-content\/rebelles\/2010\/02\/paysan.jpg?resize=350%2C200","width":350,"height":200},"classes":[]},{"id":1127,"url":"https:\/\/lesrebellesdenoel.ch\/chfr\/celebre-pleinement\/","url_meta":{"origin":1434,"position":3},"title":"F\u00eate?","date":"31 octobre 2010","format":false,"excerpt":"Moi, f\u00eater No\u00ebl? Pourquoi? Et d\u2019abord, je f\u00eaterai quoi exactement? No\u00ebl, c\u2019est pas surtout un pr\u00e9texte? Une obligation? Une habitude de notre soci\u00e9t\u00e9? Et si No\u00ebl, c\u2019\u00e9tait la saison des retrouvailles? Et si No\u00ebl c\u2019\u00e9tait avant tout une histoire de relations? Et si No\u00ebl, c\u2019\u00e9tait aussi simple que d\u2019accueillir un\u2026","rel":"","context":"Dans &quot;Non class\u00e9&quot;","img":{"alt_text":"","src":"https:\/\/i0.wp.com\/lesrebellesdenoel.ch\/chfr\/wp-content\/rebelles\/2010\/10\/enfant.jpg?resize=350%2C200","width":350,"height":200},"classes":[]},{"id":963,"url":"https:\/\/lesrebellesdenoel.ch\/chfr\/careme-2010-meditation-7-mars-au-13-mars-economie\/","url_meta":{"origin":1434,"position":4},"title":"Car\u00eame 2010 &#8211; M\u00e9ditation 14 mars au 20 mars &#8211; L&rsquo;\u00e9cologie","date":"12 mars 2010","format":false,"excerpt":"\u00ab La Cr\u00e9ation tout enti\u00e8re g\u00e9mit maintenant encore \u00bb \u2013 Romains 8.22 La Cr\u00e9ation souffre aussi du p\u00e9ch\u00e9 de l\u2019homme et attend le salut de J\u00e9sus-Christ. Serons-nous pr\u00eats \u00e0 nous convertir et \u00e0 changer de comportement en pla\u00e7ant notre confiance en Dieu qui pourvoit ?","rel":"","context":"Dans &quot;Archives&quot;","img":{"alt_text":"","src":"","width":0,"height":0},"classes":[]},{"id":970,"url":"https:\/\/lesrebellesdenoel.ch\/chfr\/careme-2010-meditation-21-mars-au-27-mars-la-societe\/","url_meta":{"origin":1434,"position":5},"title":"Car\u00eame 2010 &#8211; M\u00e9ditation 21 mars au 27 mars &#8211; La soci\u00e9t\u00e9","date":"19 mars 2010","format":false,"excerpt":"Notre Dieu est le Dieu de l\u2019impossible : faire passer un peuple dans les flots, ou faire surgir des fleuves dans le d\u00e9sert, c\u2019est, humainement impossible, inconcevable et fou. Gardes-tu cet espoir ?","rel":"","context":"Dans &quot;Archives&quot;","img":{"alt_text":"","src":"","width":0,"height":0},"classes":[]}],"_links":{"self":[{"href":"https:\/\/lesrebellesdenoel.ch\/chfr\/wp-json\/wp\/v2\/posts\/1434"}],"collection":[{"href":"https:\/\/lesrebellesdenoel.ch\/chfr\/wp-json\/wp\/v2\/posts"}],"about":[{"href":"https:\/\/lesrebellesdenoel.ch\/chfr\/wp-json\/wp\/v2\/types\/post"}],"author":[{"embeddable":true,"href":"https:\/\/lesrebellesdenoel.ch\/chfr\/wp-json\/wp\/v2\/users\/1"}],"replies":[{"embeddable":true,"href":"https:\/\/lesrebellesdenoel.ch\/chfr\/wp-json\/wp\/v2\/comments?post=1434"}],"version-history":[{"count":3,"href":"https:\/\/lesrebellesdenoel.ch\/chfr\/wp-json\/wp\/v2\/posts\/1434\/revisions"}],"predecessor-version":[{"id":1726,"href":"https:\/\/lesrebellesdenoel.ch\/chfr\/wp-json\/wp\/v2\/posts\/1434\/revisions\/1726"}],"wp:attachment":[{"href":"https:\/\/lesrebellesdenoel.ch\/chfr\/wp-json\/wp\/v2\/media?parent=1434"}],"wp:term":[{"taxonomy":"category","embeddable":true,"href":"https:\/\/lesrebellesdenoel.ch\/chfr\/wp-json\/wp\/v2\/categories?post=1434"},{"taxonomy":"post_tag","embeddable":true,"href":"https:\/\/lesrebellesdenoel.ch\/chfr\/wp-json\/wp\/v2\/tags?post=1434"}],"curies":[{"name":"wp","href":"https:\/\/api.w.org\/{rel}","templated":true}]}}