{"id":1428,"date":"2010-12-07T09:00:04","date_gmt":"2010-12-07T08:00:04","guid":{"rendered":"http:\/\/lesrebellesdenoel.ch\/chfr\/?p=1428"},"modified":"2010-12-06T21:47:03","modified_gmt":"2010-12-06T20:47:03","slug":"des-chinois-travaillent-%c2%abcomme-des-machines%c2%bb-pour-produire-lipad","status":"publish","type":"post","link":"https:\/\/lesrebellesdenoel.ch\/chfr\/des-chinois-travaillent-%c2%abcomme-des-machines%c2%bb-pour-produire-lipad\/","title":{"rendered":"Des Chinois travaillent \u00abcomme des machines\u00bb pour produire l&rsquo;iPad"},"content":{"rendered":"<p>On sous-estime souvent le co\u00fbt humain n\u00e9cessaire \u00e0 la production de tous nos gadgets \u00e9lectroniques.<\/p>\n<p>Cet article du Courrier m&rsquo;a r\u00e9ouvert les yeux sur l&rsquo;autre face de ces produits de consommation.<\/p>\n<p>Extrait:\u00a0<em>Apr\u00e8s une vague de suicides parmi les employ\u00e9s de la soci\u00e9t\u00e9 chinoise Foxconn, premier fournisseur d&rsquo;Apple, une ONG a men\u00e9 l&rsquo;enqu\u00eate. Son rapport d\u00e9nonce des conditions de travail \u00e9pouvantables.<\/em><\/p>\n<p><a href=\"http:\/\/www.lecourrier.ch\/index.php?name=NewsPaper&amp;file=article&amp;sid=447443\" target=\"_self\">Lisez la suite de l&rsquo;article \u00ab\u00a0Des Chinois travaillent comme des machines\u00a0\u00bb sur le site du Courrier<\/a>.<\/p>\n","protected":false},"excerpt":{"rendered":"<p>On sous-estime souvent le co\u00fbt humain n\u00e9cessaire \u00e0 la production de tous nos gadgets \u00e9lectroniques. Cet article du Courrier m&rsquo;a r\u00e9ouvert les yeux sur l&rsquo;autre face de ces produits de consommation. Extrait:\u00a0Apr\u00e8s une vague de suicides parmi les employ\u00e9s de la soci\u00e9t\u00e9 chinoise Foxconn, premier fournisseur d&rsquo;Apple, une ONG a men\u00e9 l&rsquo;enqu\u00eate. Son rapport d\u00e9nonce [&hellip;]<\/p>\n","protected":false},"author":1,"featured_media":1431,"comment_status":"open","ping_status":"open","sticky":false,"template":"","format":"standard","meta":{"_seopress_robots_primary_cat":"","_seopress_titles_title":"","_seopress_titles_desc":"","_seopress_robots_index":"","jetpack_post_was_ever_published":false,"jetpack_publicize_message":"","jetpack_is_tweetstorm":false,"jetpack_publicize_feature_enabled":true,"jetpack_social_post_already_shared":false,"jetpack_social_options":{"image_generator_settings":{"template":"highway","enabled":false}}},"categories":[4],"tags":[],"jetpack_publicize_connections":[],"jetpack_featured_media_url":"https:\/\/i0.wp.com\/lesrebellesdenoel.ch\/chfr\/wp-content\/rebelles\/2010\/12\/true-blood-ipad-iphone-hbo-go.jpg?fit=333%2C318&ssl=1","jetpack_shortlink":"https:\/\/wp.me\/pJkx9-n2","jetpack-related-posts":[{"id":772,"url":"https:\/\/lesrebellesdenoel.ch\/chfr\/meditation-careme-2010-justic-21-au-27-fevrier\/","url_meta":{"origin":1428,"position":0},"title":"Car\u00eame 2010 &#8211; M\u00e9diation 21 au 27 f\u00e9vrier 2010 &#8211; La Justice","date":"18 f\u00e9vrier 2010","format":false,"excerpt":"\u00ab L\u2019Eternel a entendu nos plaintes \u00bb \u2013 Deut\u00e9ronome 26.5-11 Dieu a entendu le cri des Isra\u00e9lites et leur a envoy\u00e9 Mo\u00efse. De m\u00eame aujourd\u2019hui, Dieu entend la pri\u00e8re des \u00ab d\u00e9poss\u00e9d\u00e9s \u00bb. Il veut que nous nous occupions des pauvres et des opprim\u00e9s\u2026","rel":"","context":"Dans &quot;Car\u00eame 2010 - M\u00e9diations&quot;","img":{"alt_text":"","src":"https:\/\/i0.wp.com\/lesrebellesdenoel.ch\/chfr\/wp-content\/rebelles\/2010\/02\/paysan.jpg?resize=350%2C200","width":350,"height":200},"classes":[]},{"id":992,"url":"https:\/\/lesrebellesdenoel.ch\/chfr\/meditation-priere-pour-la-semaine-sainte-paix\/","url_meta":{"origin":1428,"position":1},"title":"#1 M\u00e9ditation et pri\u00e8re pour la semaine Sainte 2010 &#8211; Lundi Saint","date":"29 mars 2010","format":false,"excerpt":"Une m\u00e9ditation sur Luc 19 J\u00e9sus pleura sur J\u00e9rusalem. Pour qui est-ce que J\u00e9sus pleurerait aujourd\u2019hui ?","rel":"","context":"Dans &quot;Archives&quot;","img":{"alt_text":"","src":"","width":0,"height":0},"classes":[]},{"id":1524,"url":"https:\/\/lesrebellesdenoel.ch\/chfr\/proposition-cadeau-sens-noel-partage\/","url_meta":{"origin":1428,"position":2},"title":"105 propositions pour faire de No\u00ebl un temps qui change le monde","date":"29 novembre 2015","format":false,"excerpt":"105 trucs et astuces pour vivre un No\u00ebl rebelle, pour redonner sens \u00e0 cette f\u00eate","rel":"","context":"Dans &quot;Cr\u00e9er du sens&quot;","img":{"alt_text":"","src":"https:\/\/i0.wp.com\/lesrebellesdenoel.ch\/chfr\/wp-content\/rebelles\/2015\/11\/MG_2447.jpg?fit=1000%2C667&ssl=1&resize=350%2C200","width":350,"height":200},"classes":[]},{"id":1029,"url":"https:\/\/lesrebellesdenoel.ch\/chfr\/office-tenebres-ressource-pour-vivre-une-celebration-de-vendredi-saint\/","url_meta":{"origin":1428,"position":3},"title":"L&rsquo;office des T\u00e9n\u00e8bres: ressource pour vivre une c\u00e9l\u00e9bration de Vendredi Saint","date":"2 avril 2010","format":false,"excerpt":"Introduction \u00e0 l'office des T\u00e9n\u00e8bres Le mot Tenebrae signifie en latin \u00ab T\u00e9n\u00e8bre, obscurit\u00e9\u00bb. Le but de ce service est de recr\u00e9er l\u2019aspect \u00e9motionnel du r\u00e9cit de la Passion du Christ, il a \u00e9t\u00e9 mis en place pendant la p\u00e9riode du Moyen Age, \u00e0 ce moment, on le c\u00e9l\u00e9brait le\u2026","rel":"","context":"Dans &quot;Archives&quot;","img":{"alt_text":"","src":"","width":0,"height":0},"classes":[]},{"id":1549,"url":"https:\/\/lesrebellesdenoel.ch\/chfr\/la-pauvrete-dans-la-vie-de-tous-les-jours\/","url_meta":{"origin":1428,"position":4},"title":"Le visage de la pauvret\u00e9 dans les pays occidentaux","date":"16 d\u00e9cembre 2010","format":false,"excerpt":"Voici un t\u00e9moignage de Christophe alias Christ Hope sur Internet. Il nous parle de ses rencontres avec des situations de pauvret\u00e9 en France. J\u2019ai grandi dans une famille de 5 enfants, pas tr\u00e8s unie puis divorc\u00e9e, mais avec un confort mat\u00e9riel et un train-train quotidien. Une sorte de bulle. Je\u2026","rel":"","context":"Dans &quot;Le blog des Rebelles de No\u00ebl&quot;","img":{"alt_text":"","src":"https:\/\/i0.wp.com\/lesrebellesdenoel.ch\/chfr\/wp-content\/rebelles\/2010\/12\/pauvrete.jpg?fit=683%2C468&ssl=1&resize=350%2C200","width":350,"height":200},"classes":[]},{"id":1027,"url":"https:\/\/lesrebellesdenoel.ch\/chfr\/ressources-pour-celebrer-foi-annee-liturgique\/","url_meta":{"origin":1428,"position":5},"title":"Des ressources pour c\u00e9l\u00e9brer la foi","date":"2 avril 2010","format":false,"excerpt":"Une nouvelle section du site permet d'approfondir sa foi en vivant des c\u00e9l\u00e9brations avec un \u00e9l\u00e9ment artistique.","rel":"","context":"Dans &quot;Archives&quot;","img":{"alt_text":"","src":"","width":0,"height":0},"classes":[]}],"_links":{"self":[{"href":"https:\/\/lesrebellesdenoel.ch\/chfr\/wp-json\/wp\/v2\/posts\/1428"}],"collection":[{"href":"https:\/\/lesrebellesdenoel.ch\/chfr\/wp-json\/wp\/v2\/posts"}],"about":[{"href":"https:\/\/lesrebellesdenoel.ch\/chfr\/wp-json\/wp\/v2\/types\/post"}],"author":[{"embeddable":true,"href":"https:\/\/lesrebellesdenoel.ch\/chfr\/wp-json\/wp\/v2\/users\/1"}],"replies":[{"embeddable":true,"href":"https:\/\/lesrebellesdenoel.ch\/chfr\/wp-json\/wp\/v2\/comments?post=1428"}],"version-history":[{"count":4,"href":"https:\/\/lesrebellesdenoel.ch\/chfr\/wp-json\/wp\/v2\/posts\/1428\/revisions"}],"predecessor-version":[{"id":1430,"href":"https:\/\/lesrebellesdenoel.ch\/chfr\/wp-json\/wp\/v2\/posts\/1428\/revisions\/1430"}],"wp:featuredmedia":[{"embeddable":true,"href":"https:\/\/lesrebellesdenoel.ch\/chfr\/wp-json\/wp\/v2\/media\/1431"}],"wp:attachment":[{"href":"https:\/\/lesrebellesdenoel.ch\/chfr\/wp-json\/wp\/v2\/media?parent=1428"}],"wp:term":[{"taxonomy":"category","embeddable":true,"href":"https:\/\/lesrebellesdenoel.ch\/chfr\/wp-json\/wp\/v2\/categories?post=1428"},{"taxonomy":"post_tag","embeddable":true,"href":"https:\/\/lesrebellesdenoel.ch\/chfr\/wp-json\/wp\/v2\/tags?post=1428"}],"curies":[{"name":"wp","href":"https:\/\/api.w.org\/{rel}","templated":true}]}}